{"id":10581,"date":"2024-04-01T10:39:15","date_gmt":"2024-04-01T10:39:15","guid":{"rendered":"https:\/\/lifestylesofmd.org\/?p=10581"},"modified":"2024-04-01T10:39:15","modified_gmt":"2024-04-01T10:39:15","slug":"hoyer-other-leaders-join-our-local-homeless-coalition-for-a-strategic-discussion","status":"publish","type":"post","link":"https:\/\/lifestylesofmd.org\/es\/2024\/04\/hoyer-other-leaders-join-our-local-homeless-coalition-for-a-strategic-discussion\/","title":{"rendered":"Hoyer y otros l\u00edderes se unen a nuestra coalici\u00f3n local de personas sin hogar para una discusi\u00f3n estrat\u00e9gica"},"content":{"rendered":"<p>[et_pb_section fb_built=&#8221;1&#8243; module_class=&#8221;hide-featured-image&#8221; _builder_version=&#8221;4.20.4&#8243; global_colors_info=&#8221;{}&#8221;][et_pb_row _builder_version=&#8221;4.16&#8243; background_size=&#8221;initial&#8221; background_position=&#8221;top_left&#8221; background_repeat=&#8221;repeat&#8221; global_colors_info=&#8221;{}&#8221;][et_pb_column type=&#8221;4_4&#8243; _builder_version=&#8221;4.16&#8243; custom_padding=&#8221;|||&#8221; global_colors_info=&#8221;{}&#8221; custom_padding__hover=&#8221;|||&#8221;][et_pb_text _builder_version=&#8221;4.20.4&#8243; text_font_size=&#8221;16px&#8221; background_size=&#8221;initial&#8221; background_position=&#8221;top_left&#8221; background_repeat=&#8221;repeat&#8221; hover_enabled=&#8221;0&#8243; global_colors_info=&#8221;{}&#8221; sticky_enabled=&#8221;0&#8243;]<\/p>\n<div class=\"\" data-block=\"true\" data-editor=\"9f6cm\" data-offset-key=\"at60n-0-0\">\n<div data-offset-key=\"at60n-0-0\" class=\"_1mf _1mj\">\n<p><strong>If we\u2019re going to make a positive steps toward eradicating the scourge of homelessness across Southern Maryland, it\u2019s going to take leadership. It\u2019s going to take engagement. It\u2019s going to take action.<\/strong><\/p>\n<p><span style=\"font-weight: 400;\">So we were pleased that Congressman Steny Hoyer and other leaders from across the state and region took time to join the Local Homeless Coalition for a frank and open discussion about the reality of homelessness in Southern Maryland and the factors that are contributing to the numbers we\u2019re seeing today.<\/span><span style=\"font-size: 16px;\">\u00a0<\/span><\/p>\n<p><span style=\"font-weight: 400;\">LifeStyles CEO Sandy Washington is the chair of the Local Homeless Coalition, which represents Calvert, Charles and St. Mary\u2019s counties and falls under the Maryland Balance of State Continuum of Care program.<\/span><\/p>\n<p><span style=\"font-weight: 400;\">In addition to Hoyer, the event was attended by Danielle Meister, Assistant Secretary of Homeless Solutions at Maryland Department of Housing and Community Development, Carolyn Curry, Director of the Maryland Balance of State Continuum of Care, Stephanie Staats, representative from the HUD regional office in Baltimore, as well as other regional leaders and community partners from throughout the three Southern Maryland counties.<\/span><\/p>\n<p><span style=\"font-weight: 400;\">\u201cI want to thank Congressman Hoyer and the other leaders who joined us,\u201d Washington said. \u201cWe had a thoughtful and open conversation. Knowing the challenges we face, we now must come together to enact change and make a real and lasting difference.\u201d<\/span><\/p>\n<p><span style=\"font-weight: 400;\">While the results of the 2024 Point-in-Time Homeless Survey have yet to be finalized, the 2023 figures provide a glimpse into the reality of our current situation.<\/span><\/p>\n<p><span style=\"font-weight: 400;\">Among the key findings of that survey, taken on January 25, 2023:<\/span><\/p>\n<ul>\n<li style=\"font-weight: 400;\" aria-level=\"1\"><span style=\"font-weight: 400;\">129 people were identified as unsheltered in Southern Maryland<\/span><\/li>\n<li style=\"font-weight: 400;\" aria-level=\"1\"><span style=\"font-weight: 400;\">178 were in emergency shelters<\/span><\/li>\n<li style=\"font-weight: 400;\" aria-level=\"1\"><span style=\"font-weight: 400;\">18 more were in transitional housing<\/span><\/li>\n<\/ul>\n<p><span style=\"font-weight: 400;\">In reality, that represents only a fraction of the people experiencing homelessness here at any given time.\u00a0<\/span><\/p>\n<p><span style=\"font-weight: 400;\">There are many contributing factors to homelessness in our region. Gaps in available services play a role, as does the wage and housing gap, which makes it difficult for many working individuals and families to afford safe housing.<\/span><\/p>\n<ul>\n<li style=\"font-weight: 400;\" aria-level=\"1\"><span style=\"font-weight: 400;\">42% of Southern Maryland renters are spending more than 30% of their income on rent<\/span><\/li>\n<li style=\"font-weight: 400;\" aria-level=\"1\"><span style=\"font-weight: 400;\">20% of Southern Maryland renters are spending more than 50% of their income on rent<\/span><\/li>\n<\/ul>\n<p><span style=\"font-weight: 400;\">Why are those figures so high? For one, Maryland has a shortage of 96,000 affordable housing units statewide. As it stands, a person needs an hourly wage of $35.35 to afford a 2-bedroom rental apartment. That\u2019s the equivalent of 2.7 full-time jobs at the current minimum wage.<\/span><\/p>\n<p><span style=\"font-weight: 400;\">And it\u2019s a big part of why nearly 20% of Southern Maryland renters receive an eviction filing each year.<\/span><\/p>\n<p><span style=\"font-weight: 400;\">Our conversation with Hoyer, Meister, Curry, Staats and others is an important step toward ensuring that our leaders understand the issues and are ready to work with our communities to address the causes and contributing factors that are impacting our homeless population.<\/span><span style=\"font-size: 16px;\">\u00a0<\/span><\/p>\n<p><span style=\"font-weight: 400;\">We\u2019re grateful for their interest and engagement, and we look forward to continued collaboration and striving together to make a positive impact in the months and years ahead.<\/span><\/p>\n<\/div>\n<\/div>\n<p>[\/et_pb_text][\/et_pb_column][\/et_pb_row][et_pb_row column_structure=&#8221;1_2,1_2&#8243; _builder_version=&#8221;4.20.4&#8243; _module_preset=&#8221;default&#8221; global_colors_info=&#8221;{}&#8221;][et_pb_column type=&#8221;1_2&#8243; _builder_version=&#8221;4.20.4&#8243; _module_preset=&#8221;default&#8221; global_colors_info=&#8221;{}&#8221;][et_pb_image src=&#8221;https:\/\/lifestylesofmd.org\/wp-content\/uploads\/2024\/04\/Coalition-Meeting-Group-2.png&#8221; title_text=&#8221;Coalition Meeting Group 2&#8243; _builder_version=&#8221;4.20.4&#8243; _module_preset=&#8221;default&#8221; hover_enabled=&#8221;0&#8243; global_colors_info=&#8221;{}&#8221; sticky_enabled=&#8221;0&#8243;][\/et_pb_image][\/et_pb_column][et_pb_column type=&#8221;1_2&#8243; _builder_version=&#8221;4.20.4&#8243; _module_preset=&#8221;default&#8221; global_colors_info=&#8221;{}&#8221;][et_pb_image src=&#8221;https:\/\/lifestylesofmd.org\/wp-content\/uploads\/2024\/04\/Coalition-Meeting-Group-1.png&#8221; title_text=&#8221;Coalition Meeting Group 1&#8243; _builder_version=&#8221;4.20.4&#8243; _module_preset=&#8221;default&#8221; hover_enabled=&#8221;0&#8243; global_colors_info=&#8221;{}&#8221; sticky_enabled=&#8221;0&#8243;][\/et_pb_image][\/et_pb_column][\/et_pb_row][\/et_pb_section]<\/p>\n","protected":false},"excerpt":{"rendered":"<p>Descubra las perspectivas de un importante debate, con la participaci\u00f3n del congresista Steny Hoyer y l\u00edderes regionales, sobre la lucha contra la falta de vivienda en el sur de Maryland. Explore los desaf\u00edos, las conclusiones clave y los esfuerzos colaborativos para lograr un cambio duradero en nuestras comunidades.<\/p>","protected":false},"author":1,"featured_media":10585,"comment_status":"open","ping_status":"open","sticky":false,"template":"","format":"standard","meta":{"_et_pb_use_builder":"on","_et_pb_old_content":"<!-- wp:paragraph -->\n<p>The annual Point-in-Time Homeless Survey began across Southern Maryland on Wednesday, part of a large, nationwide effort that attempts to quantify the numbers of sheltered and unsheltered individuals and families.<\/p>\n<!-- \/wp:paragraph -->\n\n<!-- wp:paragraph -->\n<p>As part of its Continuum of Care (CoC) application for homelessness funding, the Department of Housing and Urban Development (HUD) requires that jurisdictions across the nation conduct a statistically reliable and unduplicated count of the homeless for one overnight period during the last 10 days of January.<\/p>\n<!-- \/wp:paragraph -->\n\n<!-- wp:paragraph -->\n<p>LifeStyles of Maryland is helping lead the effort in Southern Maryland. Roughly 50 volunteers and staff members will fan out across the region to conduct the survey.&nbsp;<\/p>\n<!-- \/wp:paragraph -->\n\n<!-- wp:paragraph -->\n<p>While the goal is to provide a snapshot of the homeless in our community, LifeStyles takes it a step further by providing access to resources and distributing items to help them sustain the weather as well as providing information and encouraging individuals to access shelter and housing services. LifeStyles will also work with local departments of social services to provide shelter for those who seek it.<\/p>\n<!-- \/wp:paragraph -->\n\n<!-- wp:paragraph -->\n<p>The results of the survey are used to:<\/p>\n<!-- \/wp:paragraph -->\n\n<!-- wp:list -->\n<ul><!-- wp:list-item -->\n<li>Understand changes in trends among homeless populations;<\/li>\n<!-- \/wp:list-item -->\n\n<!-- wp:list-item -->\n<li>Adjust the types of programs and services available according to need in order to use resources as efficiently as possible;<\/li>\n<!-- \/wp:list-item -->\n\n<!-- wp:list-item -->\n<li>Justify requests for additional resources and\/or programming modifications;<\/li>\n<!-- \/wp:list-item -->\n\n<!-- wp:list-item -->\n<li>Comply with reporting requirements from HUD, other funders, and local stakeholders;<\/li>\n<!-- \/wp:list-item -->\n\n<!-- wp:list-item -->\n<li>Raise public awareness about the issue of homelessness; and<\/li>\n<!-- \/wp:list-item -->\n\n<!-- wp:list-item -->\n<li>Measure community progress toward preventing and ending homelessness.<\/li>\n<!-- \/wp:list-item --><\/ul>\n<!-- \/wp:list -->","_et_gb_content_width":"","_jetpack_memberships_contains_paid_content":false,"footnotes":""},"categories":[9],"tags":[20,22],"class_list":["post-10581","post","type-post","status-publish","format-standard","has-post-thumbnail","hentry","category-news-and-events","tag-homeless","tag-steny-hoyer"],"yoast_head":"<!-- This site is optimized with the Yoast SEO plugin v27.5 - https:\/\/yoast.com\/product\/yoast-seo-wordpress\/ -->\n<title>Hoyer &amp; Other Leaders Join Our Local Homeless Coalition for a Strategic Discussion | LifeStyles of Maryland, Inc.<\/title>\n<meta name=\"description\" content=\"Discover insights from an important discussion including Congressman Steny Hoyer and regional leaders on combating homelessness in Southern Maryland. Explore the challenges, key findings, and collaborative efforts to enact lasting change in our communities.\" \/>\n<meta name=\"robots\" content=\"index, follow, max-snippet:-1, max-image-preview:large, max-video-preview:-1\" \/>\n<link rel=\"canonical\" href=\"https:\/\/lifestylesofmd.org\/es\/2024\/04\/hoyer-other-leaders-join-our-local-homeless-coalition-for-a-strategic-discussion\/\" \/>\n<meta property=\"og:locale\" content=\"es_ES\" \/>\n<meta property=\"og:type\" content=\"article\" \/>\n<meta property=\"og:title\" content=\"Hoyer &amp; Other Leaders Join Our Local Homeless Coalition for a Strategic Discussion | LifeStyles of Maryland, Inc.\" \/>\n<meta property=\"og:description\" content=\"Discover insights from an important discussion including Congressman Steny Hoyer and regional leaders on combating homelessness in Southern Maryland. Explore the challenges, key findings, and collaborative efforts to enact lasting change in our communities.\" \/>\n<meta property=\"og:url\" content=\"https:\/\/lifestylesofmd.org\/es\/2024\/04\/hoyer-other-leaders-join-our-local-homeless-coalition-for-a-strategic-discussion\/\" \/>\n<meta property=\"og:site_name\" content=\"LifeStyles of Maryland, Inc.\" \/>\n<meta property=\"article:publisher\" content=\"https:\/\/facebook.com\/lifestylesofmaryland\" \/>\n<meta property=\"article:published_time\" content=\"2024-04-01T10:39:15+00:00\" \/>\n<meta property=\"og:image\" content=\"https:\/\/lifestylesofmd.org\/wp-content\/uploads\/2024\/04\/Coalition-Meeting-Group-3.png\" \/>\n\t<meta property=\"og:image:width\" content=\"1024\" \/>\n\t<meta property=\"og:image:height\" content=\"675\" \/>\n\t<meta property=\"og:image:type\" content=\"image\/png\" \/>\n<meta name=\"author\" content=\"millennialmarketingag\" \/>\n<meta name=\"twitter:card\" content=\"summary_large_image\" \/>\n<meta name=\"twitter:label1\" content=\"Written by\" \/>\n\t<meta name=\"twitter:data1\" content=\"millennialmarketingag\" \/>\n\t<meta name=\"twitter:label2\" content=\"Est. reading time\" \/>\n\t<meta name=\"twitter:data2\" content=\"2 minutos\" \/>\n<script type=\"application\/ld+json\" class=\"yoast-schema-graph\">{\"@context\":\"https:\\\/\\\/schema.org\",\"@graph\":[{\"@type\":\"Article\",\"@id\":\"https:\\\/\\\/lifestylesofmd.org\\\/2024\\\/04\\\/hoyer-other-leaders-join-our-local-homeless-coalition-for-a-strategic-discussion\\\/#article\",\"isPartOf\":{\"@id\":\"https:\\\/\\\/lifestylesofmd.org\\\/2024\\\/04\\\/hoyer-other-leaders-join-our-local-homeless-coalition-for-a-strategic-discussion\\\/\"},\"author\":{\"name\":\"millennialmarketingag\",\"@id\":\"https:\\\/\\\/lifestylesofmd.org\\\/#\\\/schema\\\/person\\\/2d678dc969832bafd830c777ae1681d2\"},\"headline\":\"Hoyer &#038; Other Leaders Join Our Local Homeless Coalition for a Strategic Discussion\",\"datePublished\":\"2024-04-01T10:39:15+00:00\",\"mainEntityOfPage\":{\"@id\":\"https:\\\/\\\/lifestylesofmd.org\\\/2024\\\/04\\\/hoyer-other-leaders-join-our-local-homeless-coalition-for-a-strategic-discussion\\\/\"},\"wordCount\":696,\"commentCount\":0,\"publisher\":{\"@id\":\"https:\\\/\\\/lifestylesofmd.org\\\/#organization\"},\"image\":{\"@id\":\"https:\\\/\\\/lifestylesofmd.org\\\/2024\\\/04\\\/hoyer-other-leaders-join-our-local-homeless-coalition-for-a-strategic-discussion\\\/#primaryimage\"},\"thumbnailUrl\":\"https:\\\/\\\/i0.wp.com\\\/lifestylesofmd.org\\\/wp-content\\\/uploads\\\/2024\\\/04\\\/Coalition-Meeting-Group-3.png?fit=1024%2C675&ssl=1\",\"keywords\":[\"Homeless\",\"Steny Hoyer\"],\"articleSection\":[\"News and Events\"],\"inLanguage\":\"es\",\"potentialAction\":[{\"@type\":\"CommentAction\",\"name\":\"Comment\",\"target\":[\"https:\\\/\\\/lifestylesofmd.org\\\/2024\\\/04\\\/hoyer-other-leaders-join-our-local-homeless-coalition-for-a-strategic-discussion\\\/#respond\"]}]},{\"@type\":\"WebPage\",\"@id\":\"https:\\\/\\\/lifestylesofmd.org\\\/2024\\\/04\\\/hoyer-other-leaders-join-our-local-homeless-coalition-for-a-strategic-discussion\\\/\",\"url\":\"https:\\\/\\\/lifestylesofmd.org\\\/2024\\\/04\\\/hoyer-other-leaders-join-our-local-homeless-coalition-for-a-strategic-discussion\\\/\",\"name\":\"Hoyer & Other Leaders Join Our Local Homeless Coalition for a Strategic Discussion | LifeStyles of Maryland, Inc.\",\"isPartOf\":{\"@id\":\"https:\\\/\\\/lifestylesofmd.org\\\/#website\"},\"primaryImageOfPage\":{\"@id\":\"https:\\\/\\\/lifestylesofmd.org\\\/2024\\\/04\\\/hoyer-other-leaders-join-our-local-homeless-coalition-for-a-strategic-discussion\\\/#primaryimage\"},\"image\":{\"@id\":\"https:\\\/\\\/lifestylesofmd.org\\\/2024\\\/04\\\/hoyer-other-leaders-join-our-local-homeless-coalition-for-a-strategic-discussion\\\/#primaryimage\"},\"thumbnailUrl\":\"https:\\\/\\\/i0.wp.com\\\/lifestylesofmd.org\\\/wp-content\\\/uploads\\\/2024\\\/04\\\/Coalition-Meeting-Group-3.png?fit=1024%2C675&ssl=1\",\"datePublished\":\"2024-04-01T10:39:15+00:00\",\"description\":\"Discover insights from an important discussion including Congressman Steny Hoyer and regional leaders on combating homelessness in Southern Maryland. Explore the challenges, key findings, and collaborative efforts to enact lasting change in our communities.\",\"breadcrumb\":{\"@id\":\"https:\\\/\\\/lifestylesofmd.org\\\/2024\\\/04\\\/hoyer-other-leaders-join-our-local-homeless-coalition-for-a-strategic-discussion\\\/#breadcrumb\"},\"inLanguage\":\"es\",\"potentialAction\":[{\"@type\":\"ReadAction\",\"target\":[\"https:\\\/\\\/lifestylesofmd.org\\\/2024\\\/04\\\/hoyer-other-leaders-join-our-local-homeless-coalition-for-a-strategic-discussion\\\/\"]}]},{\"@type\":\"ImageObject\",\"inLanguage\":\"es\",\"@id\":\"https:\\\/\\\/lifestylesofmd.org\\\/2024\\\/04\\\/hoyer-other-leaders-join-our-local-homeless-coalition-for-a-strategic-discussion\\\/#primaryimage\",\"url\":\"https:\\\/\\\/i0.wp.com\\\/lifestylesofmd.org\\\/wp-content\\\/uploads\\\/2024\\\/04\\\/Coalition-Meeting-Group-3.png?fit=1024%2C675&ssl=1\",\"contentUrl\":\"https:\\\/\\\/i0.wp.com\\\/lifestylesofmd.org\\\/wp-content\\\/uploads\\\/2024\\\/04\\\/Coalition-Meeting-Group-3.png?fit=1024%2C675&ssl=1\",\"width\":1024,\"height\":675,\"caption\":\"Sandy Washington, Steny Hoyer, Sherrie Sims\"},{\"@type\":\"BreadcrumbList\",\"@id\":\"https:\\\/\\\/lifestylesofmd.org\\\/2024\\\/04\\\/hoyer-other-leaders-join-our-local-homeless-coalition-for-a-strategic-discussion\\\/#breadcrumb\",\"itemListElement\":[{\"@type\":\"ListItem\",\"position\":1,\"name\":\"Home\",\"item\":\"https:\\\/\\\/lifestylesofmd.org\\\/\"},{\"@type\":\"ListItem\",\"position\":2,\"name\":\"Hoyer &#038; Other Leaders Join Our Local Homeless Coalition for a Strategic Discussion\"}]},{\"@type\":\"WebSite\",\"@id\":\"https:\\\/\\\/lifestylesofmd.org\\\/#website\",\"url\":\"https:\\\/\\\/lifestylesofmd.org\\\/\",\"name\":\"LifeStyles of Maryland, Inc.\",\"description\":\"LifeStyles of Maryland, Inc. is a Southern Maryland nonprofit providing essential support, outreach and resources to benefit the homeless, hungry and underserved in our communities.\",\"publisher\":{\"@id\":\"https:\\\/\\\/lifestylesofmd.org\\\/#organization\"},\"potentialAction\":[{\"@type\":\"SearchAction\",\"target\":{\"@type\":\"EntryPoint\",\"urlTemplate\":\"https:\\\/\\\/lifestylesofmd.org\\\/?s={search_term_string}\"},\"query-input\":{\"@type\":\"PropertyValueSpecification\",\"valueRequired\":true,\"valueName\":\"search_term_string\"}}],\"inLanguage\":\"es\"},{\"@type\":\"Organization\",\"@id\":\"https:\\\/\\\/lifestylesofmd.org\\\/#organization\",\"name\":\"LifeStyles of Maryland, Inc.\",\"url\":\"https:\\\/\\\/lifestylesofmd.org\\\/\",\"logo\":{\"@type\":\"ImageObject\",\"inLanguage\":\"es\",\"@id\":\"https:\\\/\\\/lifestylesofmd.org\\\/#\\\/schema\\\/logo\\\/image\\\/\",\"url\":\"https:\\\/\\\/lifestylesofmd.org\\\/wp-content\\\/uploads\\\/2021\\\/02\\\/logo_edited.png\",\"contentUrl\":\"https:\\\/\\\/lifestylesofmd.org\\\/wp-content\\\/uploads\\\/2021\\\/02\\\/logo_edited.png\",\"width\":777,\"height\":328,\"caption\":\"LifeStyles of Maryland, Inc.\"},\"image\":{\"@id\":\"https:\\\/\\\/lifestylesofmd.org\\\/#\\\/schema\\\/logo\\\/image\\\/\"},\"sameAs\":[\"https:\\\/\\\/facebook.com\\\/lifestylesofmaryland\",\"https:\\\/\\\/instagram.com\\\/lifestylesofmd\"]},{\"@type\":\"Person\",\"@id\":\"https:\\\/\\\/lifestylesofmd.org\\\/#\\\/schema\\\/person\\\/2d678dc969832bafd830c777ae1681d2\",\"name\":\"millennialmarketingag\",\"image\":{\"@type\":\"ImageObject\",\"inLanguage\":\"es\",\"@id\":\"https:\\\/\\\/secure.gravatar.com\\\/avatar\\\/e5e14f89f9fa0f8a221921002a6d37b8204a56fa35252101398969c47f0b9e6f?s=96&d=mm&r=g\",\"url\":\"https:\\\/\\\/secure.gravatar.com\\\/avatar\\\/e5e14f89f9fa0f8a221921002a6d37b8204a56fa35252101398969c47f0b9e6f?s=96&d=mm&r=g\",\"contentUrl\":\"https:\\\/\\\/secure.gravatar.com\\\/avatar\\\/e5e14f89f9fa0f8a221921002a6d37b8204a56fa35252101398969c47f0b9e6f?s=96&d=mm&r=g\",\"caption\":\"millennialmarketingag\"},\"sameAs\":[\"https:\\\/\\\/lifestyles-of-maryland.mystagingwebsite.com\"],\"url\":\"https:\\\/\\\/lifestylesofmd.org\\\/es\\\/author\\\/millennialmarketingag\\\/\"}]}<\/script>\n<!-- \/ Yoast SEO plugin. -->","yoast_head_json":{"title":"Hoyer & Other Leaders Join Our Local Homeless Coalition for a Strategic Discussion | LifeStyles of Maryland, Inc.","description":"Descubra las perspectivas de un importante debate, con la participaci\u00f3n del congresista Steny Hoyer y l\u00edderes regionales, sobre la lucha contra la falta de vivienda en el sur de Maryland. Explore los desaf\u00edos, las conclusiones clave y los esfuerzos colaborativos para lograr un cambio duradero en nuestras comunidades.","robots":{"index":"index","follow":"follow","max-snippet":"max-snippet:-1","max-image-preview":"max-image-preview:large","max-video-preview":"max-video-preview:-1"},"canonical":"https:\/\/lifestylesofmd.org\/es\/2024\/04\/hoyer-other-leaders-join-our-local-homeless-coalition-for-a-strategic-discussion\/","og_locale":"es_ES","og_type":"article","og_title":"Hoyer & Other Leaders Join Our Local Homeless Coalition for a Strategic Discussion | LifeStyles of Maryland, Inc.","og_description":"Discover insights from an important discussion including Congressman Steny Hoyer and regional leaders on combating homelessness in Southern Maryland. Explore the challenges, key findings, and collaborative efforts to enact lasting change in our communities.","og_url":"https:\/\/lifestylesofmd.org\/es\/2024\/04\/hoyer-other-leaders-join-our-local-homeless-coalition-for-a-strategic-discussion\/","og_site_name":"LifeStyles of Maryland, Inc.","article_publisher":"https:\/\/facebook.com\/lifestylesofmaryland","article_published_time":"2024-04-01T10:39:15+00:00","og_image":[{"width":1024,"height":675,"url":"https:\/\/lifestylesofmd.org\/wp-content\/uploads\/2024\/04\/Coalition-Meeting-Group-3.png","type":"image\/png"}],"author":"millennialmarketingag","twitter_card":"summary_large_image","twitter_misc":{"Written by":"millennialmarketingag","Est. reading time":"2 minutos"},"schema":{"@context":"https:\/\/schema.org","@graph":[{"@type":"Article","@id":"https:\/\/lifestylesofmd.org\/2024\/04\/hoyer-other-leaders-join-our-local-homeless-coalition-for-a-strategic-discussion\/#article","isPartOf":{"@id":"https:\/\/lifestylesofmd.org\/2024\/04\/hoyer-other-leaders-join-our-local-homeless-coalition-for-a-strategic-discussion\/"},"author":{"name":"millennialmarketingag","@id":"https:\/\/lifestylesofmd.org\/#\/schema\/person\/2d678dc969832bafd830c777ae1681d2"},"headline":"Hoyer &#038; Other Leaders Join Our Local Homeless Coalition for a Strategic Discussion","datePublished":"2024-04-01T10:39:15+00:00","mainEntityOfPage":{"@id":"https:\/\/lifestylesofmd.org\/2024\/04\/hoyer-other-leaders-join-our-local-homeless-coalition-for-a-strategic-discussion\/"},"wordCount":696,"commentCount":0,"publisher":{"@id":"https:\/\/lifestylesofmd.org\/#organization"},"image":{"@id":"https:\/\/lifestylesofmd.org\/2024\/04\/hoyer-other-leaders-join-our-local-homeless-coalition-for-a-strategic-discussion\/#primaryimage"},"thumbnailUrl":"https:\/\/i0.wp.com\/lifestylesofmd.org\/wp-content\/uploads\/2024\/04\/Coalition-Meeting-Group-3.png?fit=1024%2C675&ssl=1","keywords":["Homeless","Steny Hoyer"],"articleSection":["News and Events"],"inLanguage":"es","potentialAction":[{"@type":"CommentAction","name":"Comment","target":["https:\/\/lifestylesofmd.org\/2024\/04\/hoyer-other-leaders-join-our-local-homeless-coalition-for-a-strategic-discussion\/#respond"]}]},{"@type":"WebPage","@id":"https:\/\/lifestylesofmd.org\/2024\/04\/hoyer-other-leaders-join-our-local-homeless-coalition-for-a-strategic-discussion\/","url":"https:\/\/lifestylesofmd.org\/2024\/04\/hoyer-other-leaders-join-our-local-homeless-coalition-for-a-strategic-discussion\/","name":"Hoyer & Other Leaders Join Our Local Homeless Coalition for a Strategic Discussion | LifeStyles of Maryland, Inc.","isPartOf":{"@id":"https:\/\/lifestylesofmd.org\/#website"},"primaryImageOfPage":{"@id":"https:\/\/lifestylesofmd.org\/2024\/04\/hoyer-other-leaders-join-our-local-homeless-coalition-for-a-strategic-discussion\/#primaryimage"},"image":{"@id":"https:\/\/lifestylesofmd.org\/2024\/04\/hoyer-other-leaders-join-our-local-homeless-coalition-for-a-strategic-discussion\/#primaryimage"},"thumbnailUrl":"https:\/\/i0.wp.com\/lifestylesofmd.org\/wp-content\/uploads\/2024\/04\/Coalition-Meeting-Group-3.png?fit=1024%2C675&ssl=1","datePublished":"2024-04-01T10:39:15+00:00","description":"Descubra las perspectivas de un importante debate, con la participaci\u00f3n del congresista Steny Hoyer y l\u00edderes regionales, sobre la lucha contra la falta de vivienda en el sur de Maryland. Explore los desaf\u00edos, las conclusiones clave y los esfuerzos colaborativos para lograr un cambio duradero en nuestras comunidades.","breadcrumb":{"@id":"https:\/\/lifestylesofmd.org\/2024\/04\/hoyer-other-leaders-join-our-local-homeless-coalition-for-a-strategic-discussion\/#breadcrumb"},"inLanguage":"es","potentialAction":[{"@type":"ReadAction","target":["https:\/\/lifestylesofmd.org\/2024\/04\/hoyer-other-leaders-join-our-local-homeless-coalition-for-a-strategic-discussion\/"]}]},{"@type":"ImageObject","inLanguage":"es","@id":"https:\/\/lifestylesofmd.org\/2024\/04\/hoyer-other-leaders-join-our-local-homeless-coalition-for-a-strategic-discussion\/#primaryimage","url":"https:\/\/i0.wp.com\/lifestylesofmd.org\/wp-content\/uploads\/2024\/04\/Coalition-Meeting-Group-3.png?fit=1024%2C675&ssl=1","contentUrl":"https:\/\/i0.wp.com\/lifestylesofmd.org\/wp-content\/uploads\/2024\/04\/Coalition-Meeting-Group-3.png?fit=1024%2C675&ssl=1","width":1024,"height":675,"caption":"Sandy Washington, Steny Hoyer, Sherrie Sims"},{"@type":"BreadcrumbList","@id":"https:\/\/lifestylesofmd.org\/2024\/04\/hoyer-other-leaders-join-our-local-homeless-coalition-for-a-strategic-discussion\/#breadcrumb","itemListElement":[{"@type":"ListItem","position":1,"name":"Home","item":"https:\/\/lifestylesofmd.org\/"},{"@type":"ListItem","position":2,"name":"Hoyer &#038; Other Leaders Join Our Local Homeless Coalition for a Strategic Discussion"}]},{"@type":"WebSite","@id":"https:\/\/lifestylesofmd.org\/#website","url":"https:\/\/lifestylesofmd.org\/","name":"Estilos de vida de Maryland, Inc.","description":"LifeStyles of Maryland, Inc. es una organizaci\u00f3n sin fines de lucro del sur de Maryland que brinda apoyo esencial, extensi\u00f3n y recursos para beneficiar a las personas sin hogar, hambrientas y desfavorecidas en nuestras comunidades.","publisher":{"@id":"https:\/\/lifestylesofmd.org\/#organization"},"potentialAction":[{"@type":"SearchAction","target":{"@type":"EntryPoint","urlTemplate":"https:\/\/lifestylesofmd.org\/?s={search_term_string}"},"query-input":{"@type":"PropertyValueSpecification","valueRequired":true,"valueName":"search_term_string"}}],"inLanguage":"es"},{"@type":"Organization","@id":"https:\/\/lifestylesofmd.org\/#organization","name":"Estilos de vida de Maryland, Inc.","url":"https:\/\/lifestylesofmd.org\/","logo":{"@type":"ImageObject","inLanguage":"es","@id":"https:\/\/lifestylesofmd.org\/#\/schema\/logo\/image\/","url":"https:\/\/lifestylesofmd.org\/wp-content\/uploads\/2021\/02\/logo_edited.png","contentUrl":"https:\/\/lifestylesofmd.org\/wp-content\/uploads\/2021\/02\/logo_edited.png","width":777,"height":328,"caption":"LifeStyles of Maryland, Inc."},"image":{"@id":"https:\/\/lifestylesofmd.org\/#\/schema\/logo\/image\/"},"sameAs":["https:\/\/facebook.com\/lifestylesofmaryland","https:\/\/instagram.com\/lifestylesofmd"]},{"@type":"Person","@id":"https:\/\/lifestylesofmd.org\/#\/schema\/person\/2d678dc969832bafd830c777ae1681d2","name":"millennialmarketingag","image":{"@type":"ImageObject","inLanguage":"es","@id":"https:\/\/secure.gravatar.com\/avatar\/e5e14f89f9fa0f8a221921002a6d37b8204a56fa35252101398969c47f0b9e6f?s=96&d=mm&r=g","url":"https:\/\/secure.gravatar.com\/avatar\/e5e14f89f9fa0f8a221921002a6d37b8204a56fa35252101398969c47f0b9e6f?s=96&d=mm&r=g","contentUrl":"https:\/\/secure.gravatar.com\/avatar\/e5e14f89f9fa0f8a221921002a6d37b8204a56fa35252101398969c47f0b9e6f?s=96&d=mm&r=g","caption":"millennialmarketingag"},"sameAs":["https:\/\/lifestyles-of-maryland.mystagingwebsite.com"],"url":"https:\/\/lifestylesofmd.org\/es\/author\/millennialmarketingag\/"}]}},"jetpack_featured_media_url":"https:\/\/i0.wp.com\/lifestylesofmd.org\/wp-content\/uploads\/2024\/04\/Coalition-Meeting-Group-3.png?fit=1024%2C675&ssl=1","jetpack_sharing_enabled":true,"_links":{"self":[{"href":"https:\/\/lifestylesofmd.org\/es\/wp-json\/wp\/v2\/posts\/10581","targetHints":{"allow":["GET"]}}],"collection":[{"href":"https:\/\/lifestylesofmd.org\/es\/wp-json\/wp\/v2\/posts"}],"about":[{"href":"https:\/\/lifestylesofmd.org\/es\/wp-json\/wp\/v2\/types\/post"}],"author":[{"embeddable":true,"href":"https:\/\/lifestylesofmd.org\/es\/wp-json\/wp\/v2\/users\/1"}],"replies":[{"embeddable":true,"href":"https:\/\/lifestylesofmd.org\/es\/wp-json\/wp\/v2\/comments?post=10581"}],"version-history":[{"count":0,"href":"https:\/\/lifestylesofmd.org\/es\/wp-json\/wp\/v2\/posts\/10581\/revisions"}],"wp:featuredmedia":[{"embeddable":true,"href":"https:\/\/lifestylesofmd.org\/es\/wp-json\/wp\/v2\/media\/10585"}],"wp:attachment":[{"href":"https:\/\/lifestylesofmd.org\/es\/wp-json\/wp\/v2\/media?parent=10581"}],"wp:term":[{"taxonomy":"category","embeddable":true,"href":"https:\/\/lifestylesofmd.org\/es\/wp-json\/wp\/v2\/categories?post=10581"},{"taxonomy":"post_tag","embeddable":true,"href":"https:\/\/lifestylesofmd.org\/es\/wp-json\/wp\/v2\/tags?post=10581"}],"curies":[{"name":"wp","href":"https:\/\/api.w.org\/{rel}","templated":true}]}}